{"id":6395,"date":"2016-03-04T19:23:43","date_gmt":"2016-03-04T19:23:43","guid":{"rendered":"http:\/\/cafedelariviera.com\/?p=6395"},"modified":"2016-03-04T19:24:53","modified_gmt":"2016-03-04T19:24:53","slug":"cafe-una-forma-de-vida-saludable","status":"publish","type":"post","link":"https:\/\/cafedelariviera.com\/index.php\/2016\/03\/04\/cafe-una-forma-de-vida-saludable\/","title":{"rendered":"Caf\u00e9: Una forma de vida saludable."},"content":{"rendered":"<p class=\"p1\"><span class=\"s1\">El <strong>caf\u00e9<\/strong> no es s\u00f3lo una bebida, es una <strong>forma de vida<\/strong>. No hacemos un descanso en el trabajo, vamos a por un caf\u00e9; si queremos tener una charla informal con alguien, quedamos para un caf\u00e9, y las largas sobremesas propias de nuestra cultura se acompa\u00f1an de un caf\u00e9.<\/span><\/p>\n<p class=\"p1\"><span class=\"s1\">Pero el caf\u00e9 no solo juega un <strong>valioso papel social<\/strong>, tambi\u00e9n es una de las fuentes m\u00e1s importantes de <strong>antioxidantes<\/strong> del mundo vegetal. En la prevenci\u00f3n de muchas enfermedades, los antioxidantes de la cafe\u00edna pueden aportar un valor muy importante, por lo que hoy en d\u00eda especialistas de la salud recomiendan su consumo.<\/span><\/p>\n","protected":false},"excerpt":{"rendered":"<p>El caf\u00e9 no es s\u00f3lo una bebida, es una forma de vida. No hacemos un descanso en el trabajo, vamos a por un caf\u00e9; si queremos tener una charla informal con alguien, quedamos para un caf\u00e9, y las largas sobremesas propias de nuestra cultura se acompa\u00f1an de un caf\u00e9. Pero el caf\u00e9 no solo juega un valioso papel social, tambi\u00e9n es una de las fuentes m\u00e1s importantes de antioxidantes del mundo vegetal. En la prevenci\u00f3n&#8230;  <\/p>\n<div class=\"read-more\"><a class=\"excerpt-read-more\" href=\"https:\/\/cafedelariviera.com\/index.php\/2016\/03\/04\/cafe-una-forma-de-vida-saludable\/\" title=\"Continue reading Caf\u00e9: Una forma de vida saludable.\">Read more<i class=\"fa fa-angle-right\"><\/i><\/a><\/div>\n","protected":false},"author":1,"featured_media":6396,"comment_status":"open","ping_status":"open","sticky":false,"template":"","format":"image","meta":{"_monsterinsights_skip_tracking":false,"_monsterinsights_sitenote_active":false,"_monsterinsights_sitenote_note":"","_monsterinsights_sitenote_category":0,"footnotes":""},"categories":[32],"tags":[],"class_list":["post-6395","post","type-post","status-publish","format-image","has-post-thumbnail","hentry","category-cultura-del-cafe","post_format-post-format-image"],"yoast_head":"<!-- This site is optimized with the Yoast SEO plugin v27.5 - https:\/\/yoast.com\/product\/yoast-seo-wordpress\/ -->\n<title>Caf\u00e9: Una forma de vida saludable. - Caf\u00e9 de la Riviera<\/title>\n<meta name=\"robots\" content=\"index, follow, max-snippet:-1, max-image-preview:large, max-video-preview:-1\" \/>\n<link rel=\"canonical\" href=\"https:\/\/cafedelariviera.com\/index.php\/2016\/03\/04\/cafe-una-forma-de-vida-saludable\/\" \/>\n<meta property=\"og:locale\" content=\"es_MX\" \/>\n<meta property=\"og:type\" content=\"article\" \/>\n<meta property=\"og:title\" content=\"Caf\u00e9: Una forma de vida saludable. - Caf\u00e9 de la Riviera\" \/>\n<meta property=\"og:description\" content=\"El caf\u00e9 no es s\u00f3lo una bebida, es una forma de vida. No hacemos un descanso en el trabajo, vamos a por un caf\u00e9; si queremos tener una charla informal con alguien, quedamos para un caf\u00e9, y las largas sobremesas propias de nuestra cultura se acompa\u00f1an de un caf\u00e9. Pero el caf\u00e9 no solo juega un valioso papel social, tambi\u00e9n es una de las fuentes m\u00e1s importantes de antioxidantes del mundo vegetal. En la prevenci\u00f3n... Read more\" \/>\n<meta property=\"og:url\" content=\"https:\/\/cafedelariviera.com\/index.php\/2016\/03\/04\/cafe-una-forma-de-vida-saludable\/\" \/>\n<meta property=\"og:site_name\" content=\"Caf\u00e9 de la Riviera\" \/>\n<meta property=\"article:published_time\" content=\"2016-03-04T19:23:43+00:00\" \/>\n<meta property=\"article:modified_time\" content=\"2016-03-04T19:24:53+00:00\" \/>\n<meta property=\"og:image\" content=\"https:\/\/cafedelariviera.com\/wp-content\/uploads\/2016\/03\/Saludable.jpg\" \/>\n\t<meta property=\"og:image:width\" content=\"1200\" \/>\n\t<meta property=\"og:image:height\" content=\"864\" \/>\n\t<meta property=\"og:image:type\" content=\"image\/jpeg\" \/>\n<meta name=\"author\" content=\"cafedelariviera\" \/>\n<meta name=\"twitter:card\" content=\"summary_large_image\" \/>\n<meta name=\"twitter:label1\" content=\"Escrito por\" \/>\n\t<meta name=\"twitter:data1\" content=\"cafedelariviera\" \/>\n\t<meta name=\"twitter:label2\" content=\"Tiempo de lectura\" \/>\n\t<meta name=\"twitter:data2\" content=\"1 minuto\" \/>\n<script type=\"application\/ld+json\" class=\"yoast-schema-graph\">{\"@context\":\"https:\\\/\\\/schema.org\",\"@graph\":[{\"@type\":\"Article\",\"@id\":\"https:\\\/\\\/cafedelariviera.com\\\/index.php\\\/2016\\\/03\\\/04\\\/cafe-una-forma-de-vida-saludable\\\/#article\",\"isPartOf\":{\"@id\":\"https:\\\/\\\/cafedelariviera.com\\\/index.php\\\/2016\\\/03\\\/04\\\/cafe-una-forma-de-vida-saludable\\\/\"},\"author\":{\"name\":\"cafedelariviera\",\"@id\":\"https:\\\/\\\/cafedelariviera.com\\\/#\\\/schema\\\/person\\\/b517384745b9e01249202d2f95fdbc50\"},\"headline\":\"Caf\u00e9: Una forma de vida saludable.\",\"datePublished\":\"2016-03-04T19:23:43+00:00\",\"dateModified\":\"2016-03-04T19:24:53+00:00\",\"mainEntityOfPage\":{\"@id\":\"https:\\\/\\\/cafedelariviera.com\\\/index.php\\\/2016\\\/03\\\/04\\\/cafe-una-forma-de-vida-saludable\\\/\"},\"wordCount\":115,\"commentCount\":0,\"image\":{\"@id\":\"https:\\\/\\\/cafedelariviera.com\\\/index.php\\\/2016\\\/03\\\/04\\\/cafe-una-forma-de-vida-saludable\\\/#primaryimage\"},\"thumbnailUrl\":\"https:\\\/\\\/cafedelariviera.com\\\/wp-content\\\/uploads\\\/2016\\\/03\\\/Saludable.jpg\",\"articleSection\":[\"Cultura del caf\u00e9\"],\"inLanguage\":\"es\",\"potentialAction\":[{\"@type\":\"CommentAction\",\"name\":\"Comment\",\"target\":[\"https:\\\/\\\/cafedelariviera.com\\\/index.php\\\/2016\\\/03\\\/04\\\/cafe-una-forma-de-vida-saludable\\\/#respond\"]}]},{\"@type\":\"WebPage\",\"@id\":\"https:\\\/\\\/cafedelariviera.com\\\/index.php\\\/2016\\\/03\\\/04\\\/cafe-una-forma-de-vida-saludable\\\/\",\"url\":\"https:\\\/\\\/cafedelariviera.com\\\/index.php\\\/2016\\\/03\\\/04\\\/cafe-una-forma-de-vida-saludable\\\/\",\"name\":\"Caf\u00e9: Una forma de vida saludable. - Caf\u00e9 de la Riviera\",\"isPartOf\":{\"@id\":\"https:\\\/\\\/cafedelariviera.com\\\/#website\"},\"primaryImageOfPage\":{\"@id\":\"https:\\\/\\\/cafedelariviera.com\\\/index.php\\\/2016\\\/03\\\/04\\\/cafe-una-forma-de-vida-saludable\\\/#primaryimage\"},\"image\":{\"@id\":\"https:\\\/\\\/cafedelariviera.com\\\/index.php\\\/2016\\\/03\\\/04\\\/cafe-una-forma-de-vida-saludable\\\/#primaryimage\"},\"thumbnailUrl\":\"https:\\\/\\\/cafedelariviera.com\\\/wp-content\\\/uploads\\\/2016\\\/03\\\/Saludable.jpg\",\"datePublished\":\"2016-03-04T19:23:43+00:00\",\"dateModified\":\"2016-03-04T19:24:53+00:00\",\"author\":{\"@id\":\"https:\\\/\\\/cafedelariviera.com\\\/#\\\/schema\\\/person\\\/b517384745b9e01249202d2f95fdbc50\"},\"breadcrumb\":{\"@id\":\"https:\\\/\\\/cafedelariviera.com\\\/index.php\\\/2016\\\/03\\\/04\\\/cafe-una-forma-de-vida-saludable\\\/#breadcrumb\"},\"inLanguage\":\"es\",\"potentialAction\":[{\"@type\":\"ReadAction\",\"target\":[\"https:\\\/\\\/cafedelariviera.com\\\/index.php\\\/2016\\\/03\\\/04\\\/cafe-una-forma-de-vida-saludable\\\/\"]}]},{\"@type\":\"ImageObject\",\"inLanguage\":\"es\",\"@id\":\"https:\\\/\\\/cafedelariviera.com\\\/index.php\\\/2016\\\/03\\\/04\\\/cafe-una-forma-de-vida-saludable\\\/#primaryimage\",\"url\":\"https:\\\/\\\/cafedelariviera.com\\\/wp-content\\\/uploads\\\/2016\\\/03\\\/Saludable.jpg\",\"contentUrl\":\"https:\\\/\\\/cafedelariviera.com\\\/wp-content\\\/uploads\\\/2016\\\/03\\\/Saludable.jpg\",\"width\":1200,\"height\":864},{\"@type\":\"BreadcrumbList\",\"@id\":\"https:\\\/\\\/cafedelariviera.com\\\/index.php\\\/2016\\\/03\\\/04\\\/cafe-una-forma-de-vida-saludable\\\/#breadcrumb\",\"itemListElement\":[{\"@type\":\"ListItem\",\"position\":1,\"name\":\"Home\",\"item\":\"https:\\\/\\\/cafedelariviera.com\\\/\"},{\"@type\":\"ListItem\",\"position\":2,\"name\":\"Caf\u00e9: Una forma de vida saludable.\"}]},{\"@type\":\"WebSite\",\"@id\":\"https:\\\/\\\/cafedelariviera.com\\\/#website\",\"url\":\"https:\\\/\\\/cafedelariviera.com\\\/\",\"name\":\"Caf\u00e9 de la Riviera\",\"description\":\"Caf\u00e9 gourmet mexicano, fresco, reci\u00e9n tostado, personalizado al gusto de la industria tur\u00edstica de Canc\u00fan, Riviera Maya y el sureste Mexicano.\",\"potentialAction\":[{\"@type\":\"SearchAction\",\"target\":{\"@type\":\"EntryPoint\",\"urlTemplate\":\"https:\\\/\\\/cafedelariviera.com\\\/?s={search_term_string}\"},\"query-input\":{\"@type\":\"PropertyValueSpecification\",\"valueRequired\":true,\"valueName\":\"search_term_string\"}}],\"inLanguage\":\"es\"},{\"@type\":\"Person\",\"@id\":\"https:\\\/\\\/cafedelariviera.com\\\/#\\\/schema\\\/person\\\/b517384745b9e01249202d2f95fdbc50\",\"name\":\"cafedelariviera\",\"image\":{\"@type\":\"ImageObject\",\"inLanguage\":\"es\",\"@id\":\"https:\\\/\\\/secure.gravatar.com\\\/avatar\\\/ce4115f3881a940f0af2bf538d637ae06392765f4e2b11ac29d9dc6e5cdae74e?s=96&d=mm&r=g\",\"url\":\"https:\\\/\\\/secure.gravatar.com\\\/avatar\\\/ce4115f3881a940f0af2bf538d637ae06392765f4e2b11ac29d9dc6e5cdae74e?s=96&d=mm&r=g\",\"contentUrl\":\"https:\\\/\\\/secure.gravatar.com\\\/avatar\\\/ce4115f3881a940f0af2bf538d637ae06392765f4e2b11ac29d9dc6e5cdae74e?s=96&d=mm&r=g\",\"caption\":\"cafedelariviera\"},\"url\":\"https:\\\/\\\/cafedelariviera.com\\\/index.php\\\/author\\\/cafedelariviera\\\/\"}]}<\/script>\n<!-- \/ Yoast SEO plugin. -->","yoast_head_json":{"title":"Caf\u00e9: Una forma de vida saludable. - Caf\u00e9 de la Riviera","robots":{"index":"index","follow":"follow","max-snippet":"max-snippet:-1","max-image-preview":"max-image-preview:large","max-video-preview":"max-video-preview:-1"},"canonical":"https:\/\/cafedelariviera.com\/index.php\/2016\/03\/04\/cafe-una-forma-de-vida-saludable\/","og_locale":"es_MX","og_type":"article","og_title":"Caf\u00e9: Una forma de vida saludable. - Caf\u00e9 de la Riviera","og_description":"El caf\u00e9 no es s\u00f3lo una bebida, es una forma de vida. No hacemos un descanso en el trabajo, vamos a por un caf\u00e9; si queremos tener una charla informal con alguien, quedamos para un caf\u00e9, y las largas sobremesas propias de nuestra cultura se acompa\u00f1an de un caf\u00e9. Pero el caf\u00e9 no solo juega un valioso papel social, tambi\u00e9n es una de las fuentes m\u00e1s importantes de antioxidantes del mundo vegetal. En la prevenci\u00f3n... Read more","og_url":"https:\/\/cafedelariviera.com\/index.php\/2016\/03\/04\/cafe-una-forma-de-vida-saludable\/","og_site_name":"Caf\u00e9 de la Riviera","article_published_time":"2016-03-04T19:23:43+00:00","article_modified_time":"2016-03-04T19:24:53+00:00","og_image":[{"width":1200,"height":864,"url":"https:\/\/cafedelariviera.com\/wp-content\/uploads\/2016\/03\/Saludable.jpg","type":"image\/jpeg"}],"author":"cafedelariviera","twitter_card":"summary_large_image","twitter_misc":{"Escrito por":"cafedelariviera","Tiempo de lectura":"1 minuto"},"schema":{"@context":"https:\/\/schema.org","@graph":[{"@type":"Article","@id":"https:\/\/cafedelariviera.com\/index.php\/2016\/03\/04\/cafe-una-forma-de-vida-saludable\/#article","isPartOf":{"@id":"https:\/\/cafedelariviera.com\/index.php\/2016\/03\/04\/cafe-una-forma-de-vida-saludable\/"},"author":{"name":"cafedelariviera","@id":"https:\/\/cafedelariviera.com\/#\/schema\/person\/b517384745b9e01249202d2f95fdbc50"},"headline":"Caf\u00e9: Una forma de vida saludable.","datePublished":"2016-03-04T19:23:43+00:00","dateModified":"2016-03-04T19:24:53+00:00","mainEntityOfPage":{"@id":"https:\/\/cafedelariviera.com\/index.php\/2016\/03\/04\/cafe-una-forma-de-vida-saludable\/"},"wordCount":115,"commentCount":0,"image":{"@id":"https:\/\/cafedelariviera.com\/index.php\/2016\/03\/04\/cafe-una-forma-de-vida-saludable\/#primaryimage"},"thumbnailUrl":"https:\/\/cafedelariviera.com\/wp-content\/uploads\/2016\/03\/Saludable.jpg","articleSection":["Cultura del caf\u00e9"],"inLanguage":"es","potentialAction":[{"@type":"CommentAction","name":"Comment","target":["https:\/\/cafedelariviera.com\/index.php\/2016\/03\/04\/cafe-una-forma-de-vida-saludable\/#respond"]}]},{"@type":"WebPage","@id":"https:\/\/cafedelariviera.com\/index.php\/2016\/03\/04\/cafe-una-forma-de-vida-saludable\/","url":"https:\/\/cafedelariviera.com\/index.php\/2016\/03\/04\/cafe-una-forma-de-vida-saludable\/","name":"Caf\u00e9: Una forma de vida saludable. - Caf\u00e9 de la Riviera","isPartOf":{"@id":"https:\/\/cafedelariviera.com\/#website"},"primaryImageOfPage":{"@id":"https:\/\/cafedelariviera.com\/index.php\/2016\/03\/04\/cafe-una-forma-de-vida-saludable\/#primaryimage"},"image":{"@id":"https:\/\/cafedelariviera.com\/index.php\/2016\/03\/04\/cafe-una-forma-de-vida-saludable\/#primaryimage"},"thumbnailUrl":"https:\/\/cafedelariviera.com\/wp-content\/uploads\/2016\/03\/Saludable.jpg","datePublished":"2016-03-04T19:23:43+00:00","dateModified":"2016-03-04T19:24:53+00:00","author":{"@id":"https:\/\/cafedelariviera.com\/#\/schema\/person\/b517384745b9e01249202d2f95fdbc50"},"breadcrumb":{"@id":"https:\/\/cafedelariviera.com\/index.php\/2016\/03\/04\/cafe-una-forma-de-vida-saludable\/#breadcrumb"},"inLanguage":"es","potentialAction":[{"@type":"ReadAction","target":["https:\/\/cafedelariviera.com\/index.php\/2016\/03\/04\/cafe-una-forma-de-vida-saludable\/"]}]},{"@type":"ImageObject","inLanguage":"es","@id":"https:\/\/cafedelariviera.com\/index.php\/2016\/03\/04\/cafe-una-forma-de-vida-saludable\/#primaryimage","url":"https:\/\/cafedelariviera.com\/wp-content\/uploads\/2016\/03\/Saludable.jpg","contentUrl":"https:\/\/cafedelariviera.com\/wp-content\/uploads\/2016\/03\/Saludable.jpg","width":1200,"height":864},{"@type":"BreadcrumbList","@id":"https:\/\/cafedelariviera.com\/index.php\/2016\/03\/04\/cafe-una-forma-de-vida-saludable\/#breadcrumb","itemListElement":[{"@type":"ListItem","position":1,"name":"Home","item":"https:\/\/cafedelariviera.com\/"},{"@type":"ListItem","position":2,"name":"Caf\u00e9: Una forma de vida saludable."}]},{"@type":"WebSite","@id":"https:\/\/cafedelariviera.com\/#website","url":"https:\/\/cafedelariviera.com\/","name":"Caf\u00e9 de la Riviera","description":"Caf\u00e9 gourmet mexicano, fresco, reci\u00e9n tostado, personalizado al gusto de la industria tur\u00edstica de Canc\u00fan, Riviera Maya y el sureste Mexicano.","potentialAction":[{"@type":"SearchAction","target":{"@type":"EntryPoint","urlTemplate":"https:\/\/cafedelariviera.com\/?s={search_term_string}"},"query-input":{"@type":"PropertyValueSpecification","valueRequired":true,"valueName":"search_term_string"}}],"inLanguage":"es"},{"@type":"Person","@id":"https:\/\/cafedelariviera.com\/#\/schema\/person\/b517384745b9e01249202d2f95fdbc50","name":"cafedelariviera","image":{"@type":"ImageObject","inLanguage":"es","@id":"https:\/\/secure.gravatar.com\/avatar\/ce4115f3881a940f0af2bf538d637ae06392765f4e2b11ac29d9dc6e5cdae74e?s=96&d=mm&r=g","url":"https:\/\/secure.gravatar.com\/avatar\/ce4115f3881a940f0af2bf538d637ae06392765f4e2b11ac29d9dc6e5cdae74e?s=96&d=mm&r=g","contentUrl":"https:\/\/secure.gravatar.com\/avatar\/ce4115f3881a940f0af2bf538d637ae06392765f4e2b11ac29d9dc6e5cdae74e?s=96&d=mm&r=g","caption":"cafedelariviera"},"url":"https:\/\/cafedelariviera.com\/index.php\/author\/cafedelariviera\/"}]}},"_links":{"self":[{"href":"https:\/\/cafedelariviera.com\/index.php\/wp-json\/wp\/v2\/posts\/6395","targetHints":{"allow":["GET"]}}],"collection":[{"href":"https:\/\/cafedelariviera.com\/index.php\/wp-json\/wp\/v2\/posts"}],"about":[{"href":"https:\/\/cafedelariviera.com\/index.php\/wp-json\/wp\/v2\/types\/post"}],"author":[{"embeddable":true,"href":"https:\/\/cafedelariviera.com\/index.php\/wp-json\/wp\/v2\/users\/1"}],"replies":[{"embeddable":true,"href":"https:\/\/cafedelariviera.com\/index.php\/wp-json\/wp\/v2\/comments?post=6395"}],"version-history":[{"count":2,"href":"https:\/\/cafedelariviera.com\/index.php\/wp-json\/wp\/v2\/posts\/6395\/revisions"}],"predecessor-version":[{"id":6398,"href":"https:\/\/cafedelariviera.com\/index.php\/wp-json\/wp\/v2\/posts\/6395\/revisions\/6398"}],"wp:featuredmedia":[{"embeddable":true,"href":"https:\/\/cafedelariviera.com\/index.php\/wp-json\/wp\/v2\/media\/6396"}],"wp:attachment":[{"href":"https:\/\/cafedelariviera.com\/index.php\/wp-json\/wp\/v2\/media?parent=6395"}],"wp:term":[{"taxonomy":"category","embeddable":true,"href":"https:\/\/cafedelariviera.com\/index.php\/wp-json\/wp\/v2\/categories?post=6395"},{"taxonomy":"post_tag","embeddable":true,"href":"https:\/\/cafedelariviera.com\/index.php\/wp-json\/wp\/v2\/tags?post=6395"}],"curies":[{"name":"wp","href":"https:\/\/api.w.org\/{rel}","templated":true}]}}